{"id":2208,"date":"2022-07-17T11:26:00","date_gmt":"2022-07-17T09:26:00","guid":{"rendered":"https:\/\/maviedebib.wordpress.com\/?p=2208"},"modified":"2022-07-17T11:26:00","modified_gmt":"2022-07-17T09:26:00","slug":"super-cub-tome-1","status":"publish","type":"post","link":"https:\/\/mangalbine.fr\/index.php\/2022\/07\/17\/super-cub-tome-1\/","title":{"rendered":"Super Cub, K\u00f4ken Tonie, Kanitan"},"content":{"rendered":"<div class=\"wp-block-image\">\n<figure class=\"aligncenter size-medium\"><img loading=\"lazy\" decoding=\"async\" width=\"400\" height=\"579\" src=\"https:\/\/mangalbine.fr\/wp-content\/uploads\/2022\/07\/e73fa-97823831609220-8370879.jpg?w=207\" alt=\"Une jeune fille en uniforme scolaire, cheveux coup\u00e9s au carr\u00e9, se tient adoss\u00e9e \u00e0 son Super Cub, la campagne se dessinant derri\u00e8re elle\" class=\"wp-image-2210\" srcset=\"https:\/\/mangalbine.fr\/wp-content\/uploads\/2022\/07\/e73fa-97823831609220-8370879.jpg 400w, https:\/\/mangalbine.fr\/wp-content\/uploads\/2022\/07\/e73fa-97823831609220-8370879-207x300.jpg 207w\" sizes=\"auto, (max-width: 400px) 100vw, 400px\" \/><\/figure>\n<\/div>\n\n\n<p>Elle n&#8217;a ni famille, ni amis, ni loisirs. Kaguma m\u00e8ne une vie morne dans la r\u00e9gion de Yamanashi et un jour, d\u00e9cide d&#8217;acheter un deux roues. Son quotidien va peu \u00e0 peu changer, pour le mieux.<\/p>\n\n\n\n<h2 class=\"wp-block-heading has-text-align-center\">Sur la route<\/h2>\n\n\n\n<p>Lors du printemps 2021, un anime a pris tout le monde par surprise.. Parmi toutes les grosses licences et les sorties de qualit\u00e9s comme <em><a href=\"https:\/\/maviedebib.wordpress.com\/2021\/07\/06\/odd-taxi\/\" target=\"_blank\" rel=\"noreferrer noopener\">OddTaxi<\/a><\/em>, <em>Super Cub<\/em> s&#8217;est fait une place inattendue dans le coeur des fans gr\u00e2ce \u00e0 une narration et une r\u00e9alisation touchantes et d\u00e9licates. Forc\u00e9ment, je voulais lire le mat\u00e9riau d&#8217;origine, les romans, mais mon japonais \u00e9tant ce qu&#8217;il est&#8230; Je suis r\u00e9aliste, je ne pense pas qu&#8217;ils sortiront un jour ici. Aussi ai-je \u00e9t\u00e9 agr\u00e9ablement surprise de voir que Noeve publierait les mangas. Et ma joie se confirme apr\u00e8s la lecture.<\/p>\n\n\n\n<p><strong>Kaguma <\/strong>s&#8217;accommode assez bien de la solitude et des rumeurs qui courent sur elle. Elle se sait insignifiante et ne cherche pas \u00e0 se faire remarquer, agissant par et pour elle-m\u00eame. Comme pour ce Cub, qu&#8217;elle ach\u00e8te autant pour se faciliter l&#8217;ascension des pentes de la r\u00e9gion montagneuse o\u00f9 elle vit; que sur un coup de t\u00eate au regard de sa situation familiale et financi\u00e8re. Qu&#8217;importe, d\u00e8s qu&#8217;elle est mont\u00e9e sur ce <strong>Cub Press 50<\/strong> elle se voyait d\u00e9j\u00e0 parcourir les routes dessus.<\/p>\n\n\n<div class=\"wp-block-image\">\n<figure class=\"aligncenter size-large\"><img loading=\"lazy\" decoding=\"async\" width=\"640\" height=\"480\" src=\"https:\/\/mangalbine.fr\/wp-content\/uploads\/2022\/07\/35e77-l_0101precub5s200509.jpg?w=640\" alt=\"une mobyette bleue marine et blanche pourvue d'un panier\" class=\"wp-image-2212\" srcset=\"https:\/\/mangalbine.fr\/wp-content\/uploads\/2022\/07\/35e77-l_0101precub5s200509.jpg 640w, https:\/\/mangalbine.fr\/wp-content\/uploads\/2022\/07\/35e77-l_0101precub5s200509-300x225.jpg 300w\" sizes=\"auto, (max-width: 640px) 100vw, 640px\" \/><figcaption class=\"wp-element-caption\">Voila la b\u00eate<\/figcaption><\/figure>\n<\/div>\n\n\n<p>Celleux qui ont vu l&#8217;anime seront tr\u00e8s \u00e9tonn\u00e9.es de l&#8217;expressivit\u00e9 de Kaguma dans le manga. Alors que son visage ne change presque pas dans la s\u00e9rie et que ses \u00e9motions se manifestent plut\u00f4t dans l&#8217;intensit\u00e9 de la lumi\u00e8re, le manga l&#8217;a dot\u00e9e de mimiques d\u00e9routantes, de grandes yeux \u00e9tonn\u00e9s, surpris ou peureux. On connait aussi un peu mieux ses pens\u00e9es, ce qui la rend moins froide. De l&#8217;aveu de l&#8217;auteur du roman dont est tir\u00e9 le manga, cela fait partie des concessions faites pour la narration car dans le roman, dont on trouve deux extraits \u00e0 la fin du livre, elle est tout aussi avare d&#8217;expression. C&#8217;est un choix \u00e0 accepter.<\/p>\n\n\n\n<p>Une fois cela fait, on peut se plonger dans le quotidien tranquillement boulevers\u00e9 de notre h\u00e9ro\u00efne dans la campagne de Yamanachi&#8230; et des fans de Honda Cub. Kaguma va rapidement se trouver une camarade de deux roues en la personne de <strong>Reiko<\/strong>, une jeune fille populaire et amoureuse de la marque Honda, et d\u00e9couvrir la solidarit\u00e9 qui pr\u00e9vaut chez ceux qui poss\u00e8dent ou ont poss\u00e9d\u00e9 un Cub. Echanger ou donner des pi\u00e8ces, se filer des bons plans, ce n&#8217;est pas rare et permet \u00e0 une Kaguma introvertie de s&#8217;ouvrir au monde.<\/p>\n\n\n\n<blockquote class=\"wp-block-quote has-text-align-right is-layout-flow wp-block-quote-is-layout-flow\">\n<p>&#8211; M\u00eame \u00e0 l&#8217;arr\u00eat, j&#8217;ai la sensation que je peux aller n&#8217;importe o\u00f9 avec mon Cub, m\u00eame jusqu&#8217;au bout du monde !<br>&#8211; Je ne suis pas encore all\u00e9e tr\u00e8s loin.<br>&#8211; Tu peux aller partout !<\/p>\n<cite>Reiko, Cub-addict<\/cite><\/blockquote>\n\n\n\n<p>Vous allez me demander : est-ce bien normal qu&#8217;un roman\/manga fasse la promotion d&#8217;une marque de v\u00e9hicules, en particulier quand l&#8217;essence vaut 2\u20ac\/litre et que le changement climatique est en cours ? Et vous auriez raison. Cela dit, je vous r\u00e9pondrai : contexte. Le <strong>Honda Cub<\/strong> est le mod\u00e8le motoris\u00e9 le plus vendu de l&#8217;histoire et a marqu\u00e9 des millions de Japonais depuis la fin des ann\u00e9es 60. Ce n&#8217;est pas tant une promotion de la part de l&#8217;auteur qu&#8217;un amour sinc\u00e8re pour cette mobylette accessible \u00e0 toustes, maniable et ais\u00e9ment modifiable. Des facteurs aux accros de la course, le Cub fait partie du quotidien de beaucoup d&#8217;humain.es.<\/p>\n\n\n\n<p>Un soin particulier a \u00e9t\u00e9 apport\u00e9 non seulement \u00e0 la campagne o\u00f9 vivent Kaguma et Reiko, mais \u00e9videmment aussi aux Cub, qui  sont tr\u00e8s d\u00e9taill\u00e9s, jusque dans les onomatop\u00e9es des bruits de m\u00e9canique. Une chose cependant me froisse un peu, c&#8217;est la fixette du dessinateur sur la plastique de Reiko. Gars, on a compris qu&#8217;elle \u00e9tait mignonne, calme ton male gaze veux-tu ?<\/p>\n\n\n\n<p>Je suis fan de <em>Super Cub<\/em>, de son ambiance \u00e0 la fois tranquille et propice \u00e0 la d\u00e9couverte. Voir Kaguma \u00e9largir ses horizons malgr\u00e9 sa situation, accepter d&#8217;\u00eatre approch\u00e9e et se rapprocher des autres en retour est satisfaisant au possible. C&#8217;est un manga doudou et bienveillant, sans doute autant qu&#8217;\u00e0 pu \u00eatre le Cub pour qui a pu en conduire un. D&#8217;ailleurs c&#8217;\u00e9tait le slogan de la marque &#8220;Vous rencontrez les personnes les plus agr\u00e9ables sur une Honda&#8221;.<\/p>\n\n\n\n<p><em>Super Cub<\/em> c&#8217;est un manga taill\u00e9 pour l&#8217;\u00e9vasion, le souffle du vent sur son visage et les longues promenades.<\/p>\n\n\n\n<hr class=\"wp-block-separator has-alpha-channel-opacity\" \/>\n\n\n\n<p><strong>d&#8217;apr\u00e8s le roman de Tone K\u00f4ken<br>Conception des personnages par Hiro<br>Traduction par Ga\u00eblle Ruel<\/strong><\/p>\n\n\n\n<p><strong>Noeve 2022<br>6 tomes<\/strong><br><strong>Type : seinen<br>Genre : tranche de vie<\/strong><\/p>\n","protected":false},"excerpt":{"rendered":"<p>Viens sur ma mobylette<\/p>\n","protected":false},"author":1,"featured_media":2237,"comment_status":"open","ping_status":"open","sticky":false,"template":"","format":"standard","meta":{"footnotes":""},"categories":[12],"tags":[105,109,149,156],"class_list":["post-2208","post","type-post","status-publish","format-standard","has-post-thumbnail","hentry","category-manga","tag-honda","tag-japon","tag-moto","tag-noeve"],"jetpack_featured_media_url":"https:\/\/mangalbine.fr\/wp-content\/uploads\/2022\/07\/e73fa-97823831609220-8370879-1.jpg","_links":{"self":[{"href":"https:\/\/mangalbine.fr\/index.php\/wp-json\/wp\/v2\/posts\/2208","targetHints":{"allow":["GET"]}}],"collection":[{"href":"https:\/\/mangalbine.fr\/index.php\/wp-json\/wp\/v2\/posts"}],"about":[{"href":"https:\/\/mangalbine.fr\/index.php\/wp-json\/wp\/v2\/types\/post"}],"author":[{"embeddable":true,"href":"https:\/\/mangalbine.fr\/index.php\/wp-json\/wp\/v2\/users\/1"}],"replies":[{"embeddable":true,"href":"https:\/\/mangalbine.fr\/index.php\/wp-json\/wp\/v2\/comments?post=2208"}],"version-history":[{"count":0,"href":"https:\/\/mangalbine.fr\/index.php\/wp-json\/wp\/v2\/posts\/2208\/revisions"}],"wp:featuredmedia":[{"embeddable":true,"href":"https:\/\/mangalbine.fr\/index.php\/wp-json\/wp\/v2\/media\/2237"}],"wp:attachment":[{"href":"https:\/\/mangalbine.fr\/index.php\/wp-json\/wp\/v2\/media?parent=2208"}],"wp:term":[{"taxonomy":"category","embeddable":true,"href":"https:\/\/mangalbine.fr\/index.php\/wp-json\/wp\/v2\/categories?post=2208"},{"taxonomy":"post_tag","embeddable":true,"href":"https:\/\/mangalbine.fr\/index.php\/wp-json\/wp\/v2\/tags?post=2208"}],"curies":[{"name":"wp","href":"https:\/\/api.w.org\/{rel}","templated":true}]}}